{"id":199,"date":"2013-02-19T02:12:22","date_gmt":"2013-02-19T08:12:22","guid":{"rendered":"http:\/\/carlosbracho.com\/actualidades\/?p=199"},"modified":"2016-06-02T20:14:35","modified_gmt":"2016-06-03T01:14:35","slug":"el-maestro-bracho-se-presenta-en-oaxaca","status":"publish","type":"post","link":"https:\/\/carlosbracho.com\/actualidades\/?p=199","title":{"rendered":"El maestro Bracho se presenta en Oaxaca"},"content":{"rendered":"<p>El maestro Carlos Bracho har\u00e1 unas presentaciones en la Cd. de Oaxaca los d\u00edas 27 y 28 de febrero, En el Instituto Tecnol\u00f3gico de Oaxaca y el d\u00eda 1 de marzo en el COBAO (Colegio de Bachilleres del Estado de Oaxaca). El programa consistir\u00e1 en lecturas y charlas sobre la vida y la obra de RAM\u00d3N L\u00d3PEZ VELARDE, JOS\u00c9 VASCONCELOS Y AMADO NERVO.<\/p>\n","protected":false},"excerpt":{"rendered":"<p>El maestro Carlos Bracho har\u00e1 unas presentaciones en la Cd. de Oaxaca los d\u00edas 27 y 28 de febrero, En el Instituto Tecnol\u00f3gico de Oaxaca y el d\u00eda 1 de marzo en el COBAO (Colegio de Bachilleres del Estado de <a class=\"more-link\" href=\"https:\/\/carlosbracho.com\/actualidades\/?p=199\">Continue reading <span class=\"screen-reader-text\">  El maestro Bracho se presenta en Oaxaca<\/span><span class=\"meta-nav\">&rarr;<\/span><\/a><\/p>\n","protected":false},"author":1,"featured_media":0,"comment_status":"closed","ping_status":"closed","sticky":false,"template":"","format":"standard","meta":{"footnotes":"","jetpack_publicize_message":"","jetpack_is_tweetstorm":false,"jetpack_publicize_feature_enabled":true},"categories":[7],"tags":[28,29],"class_list":["post-199","post","type-post","status-publish","format-standard","hentry","category-actividades","tag-actividaces","tag-actualidades"],"jetpack_publicize_connections":[],"jetpack_featured_media_url":"","jetpack_sharing_enabled":true,"jetpack_shortlink":"https:\/\/wp.me\/pedyQz-3d","_links":{"self":[{"href":"https:\/\/carlosbracho.com\/actualidades\/index.php?rest_route=\/wp\/v2\/posts\/199","targetHints":{"allow":["GET"]}}],"collection":[{"href":"https:\/\/carlosbracho.com\/actualidades\/index.php?rest_route=\/wp\/v2\/posts"}],"about":[{"href":"https:\/\/carlosbracho.com\/actualidades\/index.php?rest_route=\/wp\/v2\/types\/post"}],"author":[{"embeddable":true,"href":"https:\/\/carlosbracho.com\/actualidades\/index.php?rest_route=\/wp\/v2\/users\/1"}],"replies":[{"embeddable":true,"href":"https:\/\/carlosbracho.com\/actualidades\/index.php?rest_route=%2Fwp%2Fv2%2Fcomments&post=199"}],"version-history":[{"count":2,"href":"https:\/\/carlosbracho.com\/actualidades\/index.php?rest_route=\/wp\/v2\/posts\/199\/revisions"}],"predecessor-version":[{"id":320,"href":"https:\/\/carlosbracho.com\/actualidades\/index.php?rest_route=\/wp\/v2\/posts\/199\/revisions\/320"}],"wp:attachment":[{"href":"https:\/\/carlosbracho.com\/actualidades\/index.php?rest_route=%2Fwp%2Fv2%2Fmedia&parent=199"}],"wp:term":[{"taxonomy":"category","embeddable":true,"href":"https:\/\/carlosbracho.com\/actualidades\/index.php?rest_route=%2Fwp%2Fv2%2Fcategories&post=199"},{"taxonomy":"post_tag","embeddable":true,"href":"https:\/\/carlosbracho.com\/actualidades\/index.php?rest_route=%2Fwp%2Fv2%2Ftags&post=199"}],"curies":[{"name":"wp","href":"https:\/\/api.w.org\/{rel}","templated":true}]}}